{"id":55158,"date":"2023-09-25T15:14:31","date_gmt":"2023-09-25T13:14:31","guid":{"rendered":"https:\/\/wns.uwr.edu.pl\/?p=55158"},"modified":"2023-09-27T09:07:17","modified_gmt":"2023-09-27T07:07:17","slug":"graduation-ceremony","status":"publish","type":"post","link":"https:\/\/wns.uwr.edu.pl\/en\/2023\/09\/25\/graduation-ceremony\/","title":{"rendered":"Graduation Ceremony"},"content":{"rendered":"\n<div class=\"wp-block-ugb-container ugb-container blok_nowa_podstrona ugb-8dda971 ugb-container--v2 ugb-container--design-plain ugb-main-block\"><div class=\"ugb-inner-block\"><div class=\"ugb-block-content\"><div class=\"ugb-container__wrapper ugb-8dda971-wrapper\"><div class=\"ugb-container__side\"><div class=\"ugb-container__content-wrapper ugb-8dda971-content-wrapper\">\n<div class=\"wp-block-columns bs-news-page is-layout-flex wp-block-columns-is-layout-flex\">\n<div class=\"wp-block-column bs-contact-right-column is-layout-flow wp-block-column-is-layout-flow\">\n<div class=\"wp-block-bonasoft-modular-breadcrumbs-block\"><div class=\"bs_add_breadcrumb_trail\"><\/div><\/div>\n\n\n\n<hr class=\"wp-block-separator has-text-color has-black-color has-css-opacity has-black-background-color has-background is-style-wide bs-border-kontakt\"\/>\n\n\n\n<h1 class=\"wp-block-heading bs-naglowek-podstrony\">Graduation Ceremony<\/h1>\n\n\n\n<p>The Dean and the Council of the Faculty of Social Sciences at the University of Wroc\u0142aw would like to invite you to the graduation ceremony for first- and second-cycle students to be held on 27 October 2023 at 11.00 a.m. in the Leopoldina Auditorium (pl. Uniwersytecki 1, UWr Main Building).<\/p>\n\n\n\n<p>We kindly ask you to confirm your attendance at the ceremony until 20 October 2023: <a href=\"https:\/\/forms.office.com\/Pages\/ResponsePage.aspx?id=-b5xKxM7MkS19B9awieNDCR_OcMtK2VFhN0aFxxgqyNUN0hZV1RSUUxSOElYTDBOT1lRSjkyWDQ5MC4u\" target=\"_blank\" rel=\"noreferrer noopener\">https:\/\/forms.office.com\/Pages\/ResponsePage.aspx?id=-b5xKxM7MkS19B9awieNDCR_OcMtK2VFhN0aFxxgqyNUN0hZV1RSUUxSOElYTDBOT1lRSjkyWDQ5MC4u<\/a><\/p>\n\n\n\n<p><\/p>\n\n\n\n<p><\/p>\n\n\n\n<p><\/p>\n\n\n\n<p><\/p>\n\n\n\n<p><\/p>\n\n\n\n<p><\/p>\n\n\n\n<p><\/p>\n<\/div>\n\n\n\n<div class=\"wp-block-column bs-kontakt-photo is-layout-flow wp-block-column-is-layout-flow\">\n<div class=\"wp-block-bonasoft-modular-breadcrumbs-block\"><div class=\"bs_add_breadcrumb_trail\"><\/div><\/div>\n\n\n\n<figure class=\"wp-block-image aligncenter size-large\"><img loading=\"lazy\" decoding=\"async\" width=\"1024\" height=\"684\" src=\"https:\/\/wns.uwr.edu.pl\/wp-content\/uploads\/sites\/279\/2023\/09\/1-1024x684.jpg\" alt=\"uroczysto\u015b\u0107 wr\u0119czenia dyplom\u00f3w \" class=\"wp-image-54864\" srcset=\"https:\/\/wns.uwr.edu.pl\/wp-content\/uploads\/sites\/279\/2023\/09\/1-1024x684.jpg 1024w, https:\/\/wns.uwr.edu.pl\/wp-content\/uploads\/sites\/279\/2023\/09\/1-300x201.jpg 300w, https:\/\/wns.uwr.edu.pl\/wp-content\/uploads\/sites\/279\/2023\/09\/1-768x513.jpg 768w, https:\/\/wns.uwr.edu.pl\/wp-content\/uploads\/sites\/279\/2023\/09\/1-1536x1027.jpg 1536w, https:\/\/wns.uwr.edu.pl\/wp-content\/uploads\/sites\/279\/2023\/09\/1-2048x1369.jpg 2048w, https:\/\/wns.uwr.edu.pl\/wp-content\/uploads\/sites\/279\/2023\/09\/1-1320x882.jpg 1320w, https:\/\/wns.uwr.edu.pl\/wp-content\/uploads\/sites\/279\/2023\/09\/1-24x16.jpg 24w, https:\/\/wns.uwr.edu.pl\/wp-content\/uploads\/sites\/279\/2023\/09\/1-36x24.jpg 36w, https:\/\/wns.uwr.edu.pl\/wp-content\/uploads\/sites\/279\/2023\/09\/1-48x32.jpg 48w\" sizes=\"auto, (max-width: 1024px) 100vw, 1024px\" \/><\/figure>\n<\/div>\n<\/div>\n<\/div><\/div><\/div><\/div><\/div><\/div>\n","protected":false},"excerpt":{"rendered":"<p>Graduation Ceremony The Dean and the Council of the Faculty of Social Sciences at the University of Wroc\u0142aw would like to invite you to the graduation ceremony for first- and second-cycle students to be held on 27 October 2023 at 11.00 a.m. in the Leopoldina Auditorium (pl. Uniwersytecki 1, UWr Main Building). We kindly ask [&hellip;]<\/p>\n","protected":false},"author":2235,"featured_media":54864,"comment_status":"closed","ping_status":"open","sticky":false,"template":"","format":"standard","meta":{"_acf_changed":false,"inline_featured_image":false,"site-sidebar-layout":"default","site-content-layout":"","ast-site-content-layout":"default","site-content-style":"default","site-sidebar-style":"default","ast-global-header-display":"","ast-banner-title-visibility":"","ast-main-header-display":"","ast-hfb-above-header-display":"","ast-hfb-below-header-display":"","ast-hfb-mobile-header-display":"","site-post-title":"","ast-breadcrumbs-content":"","ast-featured-img":"","footer-sml-layout":"","ast-disable-related-posts":"","theme-transparent-header-meta":"","adv-header-id-meta":"","stick-header-meta":"","header-above-stick-meta":"","header-main-stick-meta":"","header-below-stick-meta":"","astra-migrate-meta-layouts":"default","ast-page-background-enabled":"default","ast-page-background-meta":{"desktop":{"background-color":"","background-image":"","background-repeat":"repeat","background-position":"center center","background-size":"auto","background-attachment":"scroll","background-type":"","background-media":"","overlay-type":"","overlay-color":"","overlay-opacity":"","overlay-gradient":""},"tablet":{"background-color":"","background-image":"","background-repeat":"repeat","background-position":"center center","background-size":"auto","background-attachment":"scroll","background-type":"","background-media":"","overlay-type":"","overlay-color":"","overlay-opacity":"","overlay-gradient":""},"mobile":{"background-color":"","background-image":"","background-repeat":"repeat","background-position":"center center","background-size":"auto","background-attachment":"scroll","background-type":"","background-media":"","overlay-type":"","overlay-color":"","overlay-opacity":"","overlay-gradient":""}},"ast-content-background-meta":{"desktop":{"background-color":"var(--ast-global-color-5)","background-image":"","background-repeat":"repeat","background-position":"center center","background-size":"auto","background-attachment":"scroll","background-type":"","background-media":"","overlay-type":"","overlay-color":"","overlay-opacity":"","overlay-gradient":""},"tablet":{"background-color":"var(--ast-global-color-5)","background-image":"","background-repeat":"repeat","background-position":"center center","background-size":"auto","background-attachment":"scroll","background-type":"","background-media":"","overlay-type":"","overlay-color":"","overlay-opacity":"","overlay-gradient":""},"mobile":{"background-color":"var(--ast-global-color-5)","background-image":"","background-repeat":"repeat","background-position":"center center","background-size":"auto","background-attachment":"scroll","background-type":"","background-media":"","overlay-type":"","overlay-color":"","overlay-opacity":"","overlay-gradient":""}},"footnotes":""},"categories":[4],"tags":[],"class_list":["post-55158","post","type-post","status-publish","format-standard","has-post-thumbnail","hentry","category-uncategorized"],"featured_image_urls_v2":{"full":["https:\/\/wns.uwr.edu.pl\/wp-content\/uploads\/sites\/279\/2023\/09\/1-scaled.jpg",2560,1711,false],"thumbnail":["https:\/\/wns.uwr.edu.pl\/wp-content\/uploads\/sites\/279\/2023\/09\/1-150x150.jpg",150,150,true],"medium":["https:\/\/wns.uwr.edu.pl\/wp-content\/uploads\/sites\/279\/2023\/09\/1-300x201.jpg",300,201,true],"medium_large":["https:\/\/wns.uwr.edu.pl\/wp-content\/uploads\/sites\/279\/2023\/09\/1-768x513.jpg",768,513,true],"large":["https:\/\/wns.uwr.edu.pl\/wp-content\/uploads\/sites\/279\/2023\/09\/1-1024x684.jpg",1024,684,true],"1536x1536":["https:\/\/wns.uwr.edu.pl\/wp-content\/uploads\/sites\/279\/2023\/09\/1-1536x1027.jpg",1536,1027,true],"2048x2048":["https:\/\/wns.uwr.edu.pl\/wp-content\/uploads\/sites\/279\/2023\/09\/1-2048x1369.jpg",2048,1369,true],"menu-24x24":["https:\/\/wns.uwr.edu.pl\/wp-content\/uploads\/sites\/279\/2023\/09\/1-24x16.jpg",24,16,true],"menu-36x36":["https:\/\/wns.uwr.edu.pl\/wp-content\/uploads\/sites\/279\/2023\/09\/1-36x24.jpg",36,24,true],"menu-48x48":["https:\/\/wns.uwr.edu.pl\/wp-content\/uploads\/sites\/279\/2023\/09\/1-48x32.jpg",48,32,true]},"post_excerpt_stackable_v2":"<p>Graduation Ceremony The Dean and the Council of the Faculty of Social Sciences at the University of Wroc\u0142aw would like to invite you to the graduation ceremony for first- and second-cycle students to be held on 27 October 2023 at 11.00 a.m. in the Leopoldina Auditorium (pl. Uniwersytecki 1, UWr Main Building). We kindly ask you to confirm your attendance at the ceremony until 20 October 2023: https:\/\/forms.office.com\/Pages\/ResponsePage.aspx?id=-b5xKxM7MkS19B9awieNDCR_OcMtK2VFhN0aFxxgqyNUN0hZV1RSUUxSOElYTDBOT1lRSjkyWDQ5MC4u<\/p>\n","category_list_v2":"<a href=\"https:\/\/wns.uwr.edu.pl\/en\/category\/uncategorized\/\" rel=\"category tag\">Uncategorized<\/a>","author_info_v2":{"name":"kzalaskaminska","url":"https:\/\/wns.uwr.edu.pl\/en\/author\/kzalaskaminska\/"},"comments_num_v2":"0 comments","acf":[],"yoast_head":"<!-- This site is optimized with the Yoast SEO plugin v27.1.1 - https:\/\/yoast.com\/product\/yoast-seo-wordpress\/ -->\n<title>Graduation Ceremony - Faculty of Social Sciences<\/title>\n<meta name=\"robots\" content=\"index, follow, max-snippet:-1, max-image-preview:large, max-video-preview:-1\" \/>\n<link rel=\"canonical\" href=\"https:\/\/wns.uwr.edu.pl\/en\/2023\/09\/25\/graduation-ceremony\/\" \/>\n<meta property=\"og:locale\" content=\"en_US\" \/>\n<meta property=\"og:type\" content=\"article\" \/>\n<meta property=\"og:title\" content=\"Graduation Ceremony - Faculty of Social Sciences\" \/>\n<meta property=\"og:description\" content=\"Graduation Ceremony The Dean and the Council of the Faculty of Social Sciences at the University of Wroc\u0142aw would like to invite you to the graduation ceremony for first- and second-cycle students to be held on 27 October 2023 at 11.00 a.m. in the Leopoldina Auditorium (pl. Uniwersytecki 1, UWr Main Building). We kindly ask [&hellip;]\" \/>\n<meta property=\"og:url\" content=\"https:\/\/wns.uwr.edu.pl\/en\/2023\/09\/25\/graduation-ceremony\/\" \/>\n<meta property=\"og:site_name\" content=\"Faculty of Social Sciences\" \/>\n<meta property=\"article:published_time\" content=\"2023-09-25T13:14:31+00:00\" \/>\n<meta property=\"article:modified_time\" content=\"2023-09-27T07:07:17+00:00\" \/>\n<meta property=\"og:image\" content=\"https:\/\/wns.uwr.edu.pl\/wp-content\/uploads\/sites\/279\/2023\/09\/1-scaled.jpg\" \/>\n\t<meta property=\"og:image:width\" content=\"2560\" \/>\n\t<meta property=\"og:image:height\" content=\"1711\" \/>\n\t<meta property=\"og:image:type\" content=\"image\/jpeg\" \/>\n<meta name=\"author\" content=\"kzalaskaminska\" \/>\n<meta name=\"twitter:card\" content=\"summary_large_image\" \/>\n<meta name=\"twitter:label1\" content=\"Written by\" \/>\n\t<meta name=\"twitter:data1\" content=\"kzalaskaminska\" \/>\n\t<meta name=\"twitter:label2\" content=\"Est. reading time\" \/>\n\t<meta name=\"twitter:data2\" content=\"1 minute\" \/>\n<script type=\"application\/ld+json\" class=\"yoast-schema-graph\">{\"@context\":\"https:\/\/schema.org\",\"@graph\":[{\"@type\":\"Article\",\"@id\":\"https:\/\/wns.uwr.edu.pl\/en\/2023\/09\/25\/graduation-ceremony\/#article\",\"isPartOf\":{\"@id\":\"https:\/\/wns.uwr.edu.pl\/en\/2023\/09\/25\/graduation-ceremony\/\"},\"author\":{\"name\":\"kzalaskaminska\",\"@id\":\"https:\/\/wns.uwr.edu.pl\/en\/#\/schema\/person\/5e8ae2abc21e52fe6c08e06f9503b2be\"},\"headline\":\"Graduation Ceremony\",\"datePublished\":\"2023-09-25T13:14:31+00:00\",\"dateModified\":\"2023-09-27T07:07:17+00:00\",\"mainEntityOfPage\":{\"@id\":\"https:\/\/wns.uwr.edu.pl\/en\/2023\/09\/25\/graduation-ceremony\/\"},\"wordCount\":86,\"publisher\":{\"@id\":\"https:\/\/wns.uwr.edu.pl\/en\/#organization\"},\"image\":{\"@id\":\"https:\/\/wns.uwr.edu.pl\/en\/2023\/09\/25\/graduation-ceremony\/#primaryimage\"},\"thumbnailUrl\":\"https:\/\/wns.uwr.edu.pl\/wp-content\/uploads\/sites\/279\/2023\/09\/1-scaled.jpg\",\"inLanguage\":\"en-US\"},{\"@type\":\"WebPage\",\"@id\":\"https:\/\/wns.uwr.edu.pl\/en\/2023\/09\/25\/graduation-ceremony\/\",\"url\":\"https:\/\/wns.uwr.edu.pl\/en\/2023\/09\/25\/graduation-ceremony\/\",\"name\":\"Graduation Ceremony - Faculty of Social Sciences\",\"isPartOf\":{\"@id\":\"https:\/\/wns.uwr.edu.pl\/en\/#website\"},\"primaryImageOfPage\":{\"@id\":\"https:\/\/wns.uwr.edu.pl\/en\/2023\/09\/25\/graduation-ceremony\/#primaryimage\"},\"image\":{\"@id\":\"https:\/\/wns.uwr.edu.pl\/en\/2023\/09\/25\/graduation-ceremony\/#primaryimage\"},\"thumbnailUrl\":\"https:\/\/wns.uwr.edu.pl\/wp-content\/uploads\/sites\/279\/2023\/09\/1-scaled.jpg\",\"datePublished\":\"2023-09-25T13:14:31+00:00\",\"dateModified\":\"2023-09-27T07:07:17+00:00\",\"breadcrumb\":{\"@id\":\"https:\/\/wns.uwr.edu.pl\/en\/2023\/09\/25\/graduation-ceremony\/#breadcrumb\"},\"inLanguage\":\"en-US\",\"potentialAction\":[{\"@type\":\"ReadAction\",\"target\":[\"https:\/\/wns.uwr.edu.pl\/en\/2023\/09\/25\/graduation-ceremony\/\"]}]},{\"@type\":\"ImageObject\",\"inLanguage\":\"en-US\",\"@id\":\"https:\/\/wns.uwr.edu.pl\/en\/2023\/09\/25\/graduation-ceremony\/#primaryimage\",\"url\":\"https:\/\/wns.uwr.edu.pl\/wp-content\/uploads\/sites\/279\/2023\/09\/1-scaled.jpg\",\"contentUrl\":\"https:\/\/wns.uwr.edu.pl\/wp-content\/uploads\/sites\/279\/2023\/09\/1-scaled.jpg\",\"width\":2560,\"height\":1711,\"caption\":\"uroczysto\u015b\u0107 wr\u0119czenia dyplom\u00f3w\"},{\"@type\":\"BreadcrumbList\",\"@id\":\"https:\/\/wns.uwr.edu.pl\/en\/2023\/09\/25\/graduation-ceremony\/#breadcrumb\",\"itemListElement\":[{\"@type\":\"ListItem\",\"position\":1,\"name\":\"Strona g\u0142\u00f3wna\",\"item\":\"https:\/\/wns.uwr.edu.pl\/en\/\"},{\"@type\":\"ListItem\",\"position\":2,\"name\":\"Graduation Ceremony\"}]},{\"@type\":\"WebSite\",\"@id\":\"https:\/\/wns.uwr.edu.pl\/en\/#website\",\"url\":\"https:\/\/wns.uwr.edu.pl\/en\/\",\"name\":\"Faculty of Social Sciences\",\"description\":\"Kolejna witryna sieci \u201eUWR Witryny\u201d\",\"publisher\":{\"@id\":\"https:\/\/wns.uwr.edu.pl\/en\/#organization\"},\"potentialAction\":[{\"@type\":\"SearchAction\",\"target\":{\"@type\":\"EntryPoint\",\"urlTemplate\":\"https:\/\/wns.uwr.edu.pl\/en\/?s={search_term_string}\"},\"query-input\":{\"@type\":\"PropertyValueSpecification\",\"valueRequired\":true,\"valueName\":\"search_term_string\"}}],\"inLanguage\":\"en-US\"},{\"@type\":\"Organization\",\"@id\":\"https:\/\/wns.uwr.edu.pl\/en\/#organization\",\"name\":\"Faculty of Social Sciences\",\"url\":\"https:\/\/wns.uwr.edu.pl\/en\/\",\"logo\":{\"@type\":\"ImageObject\",\"inLanguage\":\"en-US\",\"@id\":\"https:\/\/wns.uwr.edu.pl\/en\/#\/schema\/logo\/image\/\",\"url\":\"https:\/\/wns.uwr.edu.pl\/wp-content\/uploads\/sites\/279\/2025\/10\/UWr-logotyp-2025.png\",\"contentUrl\":\"https:\/\/wns.uwr.edu.pl\/wp-content\/uploads\/sites\/279\/2025\/10\/UWr-logotyp-2025.png\",\"width\":764,\"height\":269,\"caption\":\"Faculty of Social Sciences\"},\"image\":{\"@id\":\"https:\/\/wns.uwr.edu.pl\/en\/#\/schema\/logo\/image\/\"}},{\"@type\":\"Person\",\"@id\":\"https:\/\/wns.uwr.edu.pl\/en\/#\/schema\/person\/5e8ae2abc21e52fe6c08e06f9503b2be\",\"name\":\"kzalaskaminska\",\"image\":{\"@type\":\"ImageObject\",\"inLanguage\":\"en-US\",\"@id\":\"https:\/\/wns.uwr.edu.pl\/en\/#\/schema\/person\/image\/\",\"url\":\"https:\/\/secure.gravatar.com\/avatar\/1cfecf7c505ec4a68a28f62d104e6b2a5105f7b347b31e0dd0699f424480288e?s=96&d=mm&r=g\",\"contentUrl\":\"https:\/\/secure.gravatar.com\/avatar\/1cfecf7c505ec4a68a28f62d104e6b2a5105f7b347b31e0dd0699f424480288e?s=96&d=mm&r=g\",\"caption\":\"kzalaskaminska\"},\"url\":\"https:\/\/wns.uwr.edu.pl\/en\/author\/kzalaskaminska\/\"}]}<\/script>\n<!-- \/ Yoast SEO plugin. -->","yoast_head_json":{"title":"Graduation Ceremony - Faculty of Social Sciences","robots":{"index":"index","follow":"follow","max-snippet":"max-snippet:-1","max-image-preview":"max-image-preview:large","max-video-preview":"max-video-preview:-1"},"canonical":"https:\/\/wns.uwr.edu.pl\/en\/2023\/09\/25\/graduation-ceremony\/","og_locale":"en_US","og_type":"article","og_title":"Graduation Ceremony - Faculty of Social Sciences","og_description":"Graduation Ceremony The Dean and the Council of the Faculty of Social Sciences at the University of Wroc\u0142aw would like to invite you to the graduation ceremony for first- and second-cycle students to be held on 27 October 2023 at 11.00 a.m. in the Leopoldina Auditorium (pl. Uniwersytecki 1, UWr Main Building). We kindly ask [&hellip;]","og_url":"https:\/\/wns.uwr.edu.pl\/en\/2023\/09\/25\/graduation-ceremony\/","og_site_name":"Faculty of Social Sciences","article_published_time":"2023-09-25T13:14:31+00:00","article_modified_time":"2023-09-27T07:07:17+00:00","og_image":[{"width":2560,"height":1711,"url":"https:\/\/wns.uwr.edu.pl\/wp-content\/uploads\/sites\/279\/2023\/09\/1-scaled.jpg","type":"image\/jpeg"}],"author":"kzalaskaminska","twitter_card":"summary_large_image","twitter_misc":{"Written by":"kzalaskaminska","Est. reading time":"1 minute"},"schema":{"@context":"https:\/\/schema.org","@graph":[{"@type":"Article","@id":"https:\/\/wns.uwr.edu.pl\/en\/2023\/09\/25\/graduation-ceremony\/#article","isPartOf":{"@id":"https:\/\/wns.uwr.edu.pl\/en\/2023\/09\/25\/graduation-ceremony\/"},"author":{"name":"kzalaskaminska","@id":"https:\/\/wns.uwr.edu.pl\/en\/#\/schema\/person\/5e8ae2abc21e52fe6c08e06f9503b2be"},"headline":"Graduation Ceremony","datePublished":"2023-09-25T13:14:31+00:00","dateModified":"2023-09-27T07:07:17+00:00","mainEntityOfPage":{"@id":"https:\/\/wns.uwr.edu.pl\/en\/2023\/09\/25\/graduation-ceremony\/"},"wordCount":86,"publisher":{"@id":"https:\/\/wns.uwr.edu.pl\/en\/#organization"},"image":{"@id":"https:\/\/wns.uwr.edu.pl\/en\/2023\/09\/25\/graduation-ceremony\/#primaryimage"},"thumbnailUrl":"https:\/\/wns.uwr.edu.pl\/wp-content\/uploads\/sites\/279\/2023\/09\/1-scaled.jpg","inLanguage":"en-US"},{"@type":"WebPage","@id":"https:\/\/wns.uwr.edu.pl\/en\/2023\/09\/25\/graduation-ceremony\/","url":"https:\/\/wns.uwr.edu.pl\/en\/2023\/09\/25\/graduation-ceremony\/","name":"Graduation Ceremony - Faculty of Social Sciences","isPartOf":{"@id":"https:\/\/wns.uwr.edu.pl\/en\/#website"},"primaryImageOfPage":{"@id":"https:\/\/wns.uwr.edu.pl\/en\/2023\/09\/25\/graduation-ceremony\/#primaryimage"},"image":{"@id":"https:\/\/wns.uwr.edu.pl\/en\/2023\/09\/25\/graduation-ceremony\/#primaryimage"},"thumbnailUrl":"https:\/\/wns.uwr.edu.pl\/wp-content\/uploads\/sites\/279\/2023\/09\/1-scaled.jpg","datePublished":"2023-09-25T13:14:31+00:00","dateModified":"2023-09-27T07:07:17+00:00","breadcrumb":{"@id":"https:\/\/wns.uwr.edu.pl\/en\/2023\/09\/25\/graduation-ceremony\/#breadcrumb"},"inLanguage":"en-US","potentialAction":[{"@type":"ReadAction","target":["https:\/\/wns.uwr.edu.pl\/en\/2023\/09\/25\/graduation-ceremony\/"]}]},{"@type":"ImageObject","inLanguage":"en-US","@id":"https:\/\/wns.uwr.edu.pl\/en\/2023\/09\/25\/graduation-ceremony\/#primaryimage","url":"https:\/\/wns.uwr.edu.pl\/wp-content\/uploads\/sites\/279\/2023\/09\/1-scaled.jpg","contentUrl":"https:\/\/wns.uwr.edu.pl\/wp-content\/uploads\/sites\/279\/2023\/09\/1-scaled.jpg","width":2560,"height":1711,"caption":"uroczysto\u015b\u0107 wr\u0119czenia dyplom\u00f3w"},{"@type":"BreadcrumbList","@id":"https:\/\/wns.uwr.edu.pl\/en\/2023\/09\/25\/graduation-ceremony\/#breadcrumb","itemListElement":[{"@type":"ListItem","position":1,"name":"Strona g\u0142\u00f3wna","item":"https:\/\/wns.uwr.edu.pl\/en\/"},{"@type":"ListItem","position":2,"name":"Graduation Ceremony"}]},{"@type":"WebSite","@id":"https:\/\/wns.uwr.edu.pl\/en\/#website","url":"https:\/\/wns.uwr.edu.pl\/en\/","name":"Faculty of Social Sciences","description":"Kolejna witryna sieci \u201eUWR Witryny\u201d","publisher":{"@id":"https:\/\/wns.uwr.edu.pl\/en\/#organization"},"potentialAction":[{"@type":"SearchAction","target":{"@type":"EntryPoint","urlTemplate":"https:\/\/wns.uwr.edu.pl\/en\/?s={search_term_string}"},"query-input":{"@type":"PropertyValueSpecification","valueRequired":true,"valueName":"search_term_string"}}],"inLanguage":"en-US"},{"@type":"Organization","@id":"https:\/\/wns.uwr.edu.pl\/en\/#organization","name":"Faculty of Social Sciences","url":"https:\/\/wns.uwr.edu.pl\/en\/","logo":{"@type":"ImageObject","inLanguage":"en-US","@id":"https:\/\/wns.uwr.edu.pl\/en\/#\/schema\/logo\/image\/","url":"https:\/\/wns.uwr.edu.pl\/wp-content\/uploads\/sites\/279\/2025\/10\/UWr-logotyp-2025.png","contentUrl":"https:\/\/wns.uwr.edu.pl\/wp-content\/uploads\/sites\/279\/2025\/10\/UWr-logotyp-2025.png","width":764,"height":269,"caption":"Faculty of Social Sciences"},"image":{"@id":"https:\/\/wns.uwr.edu.pl\/en\/#\/schema\/logo\/image\/"}},{"@type":"Person","@id":"https:\/\/wns.uwr.edu.pl\/en\/#\/schema\/person\/5e8ae2abc21e52fe6c08e06f9503b2be","name":"kzalaskaminska","image":{"@type":"ImageObject","inLanguage":"en-US","@id":"https:\/\/wns.uwr.edu.pl\/en\/#\/schema\/person\/image\/","url":"https:\/\/secure.gravatar.com\/avatar\/1cfecf7c505ec4a68a28f62d104e6b2a5105f7b347b31e0dd0699f424480288e?s=96&d=mm&r=g","contentUrl":"https:\/\/secure.gravatar.com\/avatar\/1cfecf7c505ec4a68a28f62d104e6b2a5105f7b347b31e0dd0699f424480288e?s=96&d=mm&r=g","caption":"kzalaskaminska"},"url":"https:\/\/wns.uwr.edu.pl\/en\/author\/kzalaskaminska\/"}]}},"publishpress_future_action":{"enabled":false,"date":"2026-05-06 10:48:31","action":"change-status","newStatus":"draft","terms":[],"taxonomy":"category","extraData":[]},"publishpress_future_workflow_manual_trigger":{"enabledWorkflows":[]},"_links":{"self":[{"href":"https:\/\/wns.uwr.edu.pl\/en\/wp-json\/wp\/v2\/posts\/55158\/"}],"collection":[{"href":"https:\/\/wns.uwr.edu.pl\/en\/wp-json\/wp\/v2\/posts\/"}],"about":[{"href":"https:\/\/wns.uwr.edu.pl\/en\/wp-json\/wp\/v2\/types\/post\/"}],"author":[{"embeddable":true,"href":"https:\/\/wns.uwr.edu.pl\/en\/wp-json\/wp\/v2\/users\/2235\/"}],"replies":[{"embeddable":true,"href":"https:\/\/wns.uwr.edu.pl\/en\/wp-json\/wp\/v2\/comments\/?post=55158"}],"version-history":[{"count":3,"href":"https:\/\/wns.uwr.edu.pl\/en\/wp-json\/wp\/v2\/posts\/55158\/revisions\/"}],"predecessor-version":[{"id":55173,"href":"https:\/\/wns.uwr.edu.pl\/en\/wp-json\/wp\/v2\/posts\/55158\/revisions\/55173\/"}],"wp:featuredmedia":[{"embeddable":true,"href":"https:\/\/wns.uwr.edu.pl\/en\/wp-json\/wp\/v2\/media\/54864\/"}],"wp:attachment":[{"href":"https:\/\/wns.uwr.edu.pl\/en\/wp-json\/wp\/v2\/media\/?parent=55158"}],"wp:term":[{"taxonomy":"category","embeddable":true,"href":"https:\/\/wns.uwr.edu.pl\/en\/wp-json\/wp\/v2\/categories\/?post=55158"},{"taxonomy":"post_tag","embeddable":true,"href":"https:\/\/wns.uwr.edu.pl\/en\/wp-json\/wp\/v2\/tags\/?post=55158"}],"curies":[{"name":"wp","href":"https:\/\/api.w.org\/{rel}","templated":true}]}}