{"id":55683,"date":"2023-10-05T10:58:45","date_gmt":"2023-10-05T08:58:45","guid":{"rendered":"https:\/\/wns.uwr.edu.pl\/?p=55683"},"modified":"2023-10-02T11:01:29","modified_gmt":"2023-10-02T09:01:29","slug":"public-philosophy-and-worldly-community","status":"publish","type":"post","link":"https:\/\/wns.uwr.edu.pl\/en\/2023\/10\/05\/public-philosophy-and-worldly-community\/","title":{"rendered":"Public Philosophy and Worldly Community"},"content":{"rendered":"\n<div class=\"wp-block-ugb-container ugb-container blok_nowa_podstrona ugb-8dda971 ugb-container--v2 ugb-container--design-plain ugb-main-block\"><div class=\"ugb-inner-block\"><div class=\"ugb-block-content\"><div class=\"ugb-container__wrapper ugb-8dda971-wrapper\"><div class=\"ugb-container__side\"><div class=\"ugb-container__content-wrapper ugb-8dda971-content-wrapper\">\n<div class=\"wp-block-columns bs-news-page is-layout-flex wp-block-columns-is-layout-flex\">\n<div class=\"wp-block-column bs-contact-right-column is-layout-flow wp-block-column-is-layout-flow\">\n<div class=\"wp-block-bonasoft-modular-breadcrumbs-block\"><div class=\"bs_add_breadcrumb_trail\"><\/div><\/div>\n\n\n\n<hr class=\"wp-block-separator has-text-color has-black-color has-css-opacity has-black-background-color has-background is-style-wide bs-border-kontakt\"\/>\n\n\n\n<h1 class=\"wp-block-heading bs-naglowek-podstrony\"><strong><strong>Public Philosophy and Worldly Community<\/strong><\/strong><\/h1>\n\n\n\n<p>The Institute of Philosophy is pleased to invite you to the discussion with the participation of Jeremy Bendik-Keymer, the author of \u201eThe Ecological Life\u201d oraz \u201eNussbaum\u2019s Politics of Wonder\u201d, and Urszula Lisowska from the Institute of Philosophy of the University of Wroc\u0142aw. The \u201ePublic Philosophy and Worldly Community\u201d will take place in Ksi\u0119garnia Hiszpa\u0144ska Wroc\u0142aw ( La Librer\u00eda Espa\u00f1ola de Wroc\u0142aw), on October 13, at 19:00 hrs.<\/p>\n\n\n\n<p>The event is part of Jeremy Bendik-Keymer\u2019s visit in as part of the IDBU \u201eVisiting Professors\u201d programme at the University of Wroc\u0142aw. The event is co-organised by Olga Tokarczuk Ex-Centre. Academic Research Centre.<\/p>\n\n\n<div class=\"bs__links\">\r\n    <div class=\"bs__links__section\">\r\n        <ul class=\"bs__links__list\">\r\n                            <li class=\"bs__links__list__item\">\r\n                    <a href=\"https:\/\/www.filozofia.uni.wroc.pl\/attachments\/Dyskusja_2023-09-13_13-57-38.pdf?fbclid=IwAR2uZRO8FG91PEOB35XtzaHDIbG0SOguUNMtYXOxbRGZGenY39HHiRMR_hQ\" class=\"bs__links__list__item__link\">\r\n                        More information can be found here:  \r\n                        <div class=\"bs__links__list__item__link__before__icon\">\r\n                            <div class=\"bs__links__list__item__link__icon\">\r\n                                <svg width=\"40px\" height=\"40px\" viewBox=\"0 0 22 16\" version=\"1.1\">\r\n                                <g stroke=\"none\" strokeWidth=\"1\" fill=\"black\" fillRule=\"evenodd\">\r\n                                    <g>\r\n                                    <polygon points=\"13.4875 0 12 1.6215 18.7875 8 12 14.3795 13.4875 16 21.9995 8\" \/>\r\n                                    <\/g>\r\n                                <\/g>\r\n                                <\/svg>\r\n                            <\/div>\r\n                        <\/div>\r\n                    <\/a>\r\n                <li>\r\n                    <\/ul>\r\n    <\/div>\r\n<\/div>\n\n\n<p><\/p>\n\n\n\n<p><\/p>\n\n\n\n<p><\/p>\n\n\n\n<p><\/p>\n\n\n\n<p><\/p>\n\n\n\n<p><\/p>\n\n\n\n<p><\/p>\n\n\n\n<p><\/p>\n<\/div>\n\n\n\n<div class=\"wp-block-column bs-kontakt-photo is-layout-flow wp-block-column-is-layout-flow\">\n<div class=\"wp-block-bonasoft-modular-breadcrumbs-block\"><div class=\"bs_add_breadcrumb_trail\"><\/div><\/div>\n\n\n\n<figure class=\"wp-block-image aligncenter size-large\"><img loading=\"lazy\" decoding=\"async\" width=\"1024\" height=\"536\" src=\"https:\/\/wns.uwr.edu.pl\/wp-content\/uploads\/sites\/279\/2023\/10\/Jeremy-i-ULA-1024x536.jpg\" alt=\"plakat wydarzenia: Public Philosophy and Worldly Community\" class=\"wp-image-55686\" srcset=\"https:\/\/wns.uwr.edu.pl\/wp-content\/uploads\/sites\/279\/2023\/10\/Jeremy-i-ULA-1024x536.jpg 1024w, https:\/\/wns.uwr.edu.pl\/wp-content\/uploads\/sites\/279\/2023\/10\/Jeremy-i-ULA-300x157.jpg 300w, https:\/\/wns.uwr.edu.pl\/wp-content\/uploads\/sites\/279\/2023\/10\/Jeremy-i-ULA-768x402.jpg 768w, https:\/\/wns.uwr.edu.pl\/wp-content\/uploads\/sites\/279\/2023\/10\/Jeremy-i-ULA-1536x804.jpg 1536w, https:\/\/wns.uwr.edu.pl\/wp-content\/uploads\/sites\/279\/2023\/10\/Jeremy-i-ULA-1320x691.jpg 1320w, https:\/\/wns.uwr.edu.pl\/wp-content\/uploads\/sites\/279\/2023\/10\/Jeremy-i-ULA-24x13.jpg 24w, https:\/\/wns.uwr.edu.pl\/wp-content\/uploads\/sites\/279\/2023\/10\/Jeremy-i-ULA-36x19.jpg 36w, https:\/\/wns.uwr.edu.pl\/wp-content\/uploads\/sites\/279\/2023\/10\/Jeremy-i-ULA-48x25.jpg 48w, https:\/\/wns.uwr.edu.pl\/wp-content\/uploads\/sites\/279\/2023\/10\/Jeremy-i-ULA.jpg 1834w\" sizes=\"auto, (max-width: 1024px) 100vw, 1024px\" \/><\/figure>\n<\/div>\n<\/div>\n<\/div><\/div><\/div><\/div><\/div><\/div>\n","protected":false},"excerpt":{"rendered":"<p>Public Philosophy and Worldly Community The Institute of Philosophy is pleased to invite you to the discussion with the participation of Jeremy Bendik-Keymer, the author of \u201eThe Ecological Life\u201d oraz \u201eNussbaum\u2019s Politics of Wonder\u201d, and Urszula Lisowska from the Institute of Philosophy of the University of Wroc\u0142aw. The \u201ePublic Philosophy and Worldly Community\u201d will take [&hellip;]<\/p>\n","protected":false},"author":2235,"featured_media":55686,"comment_status":"closed","ping_status":"open","sticky":false,"template":"","format":"standard","meta":{"_acf_changed":false,"inline_featured_image":false,"site-sidebar-layout":"default","site-content-layout":"","ast-site-content-layout":"default","site-content-style":"default","site-sidebar-style":"default","ast-global-header-display":"","ast-banner-title-visibility":"","ast-main-header-display":"","ast-hfb-above-header-display":"","ast-hfb-below-header-display":"","ast-hfb-mobile-header-display":"","site-post-title":"","ast-breadcrumbs-content":"","ast-featured-img":"","footer-sml-layout":"","ast-disable-related-posts":"","theme-transparent-header-meta":"","adv-header-id-meta":"","stick-header-meta":"","header-above-stick-meta":"","header-main-stick-meta":"","header-below-stick-meta":"","astra-migrate-meta-layouts":"default","ast-page-background-enabled":"default","ast-page-background-meta":{"desktop":{"background-color":"","background-image":"","background-repeat":"repeat","background-position":"center center","background-size":"auto","background-attachment":"scroll","background-type":"","background-media":"","overlay-type":"","overlay-color":"","overlay-opacity":"","overlay-gradient":""},"tablet":{"background-color":"","background-image":"","background-repeat":"repeat","background-position":"center center","background-size":"auto","background-attachment":"scroll","background-type":"","background-media":"","overlay-type":"","overlay-color":"","overlay-opacity":"","overlay-gradient":""},"mobile":{"background-color":"","background-image":"","background-repeat":"repeat","background-position":"center center","background-size":"auto","background-attachment":"scroll","background-type":"","background-media":"","overlay-type":"","overlay-color":"","overlay-opacity":"","overlay-gradient":""}},"ast-content-background-meta":{"desktop":{"background-color":"var(--ast-global-color-5)","background-image":"","background-repeat":"repeat","background-position":"center center","background-size":"auto","background-attachment":"scroll","background-type":"","background-media":"","overlay-type":"","overlay-color":"","overlay-opacity":"","overlay-gradient":""},"tablet":{"background-color":"var(--ast-global-color-5)","background-image":"","background-repeat":"repeat","background-position":"center center","background-size":"auto","background-attachment":"scroll","background-type":"","background-media":"","overlay-type":"","overlay-color":"","overlay-opacity":"","overlay-gradient":""},"mobile":{"background-color":"var(--ast-global-color-5)","background-image":"","background-repeat":"repeat","background-position":"center center","background-size":"auto","background-attachment":"scroll","background-type":"","background-media":"","overlay-type":"","overlay-color":"","overlay-opacity":"","overlay-gradient":""}},"footnotes":""},"categories":[4],"tags":[],"class_list":["post-55683","post","type-post","status-publish","format-standard","has-post-thumbnail","hentry","category-uncategorized"],"featured_image_urls_v2":{"full":["https:\/\/wns.uwr.edu.pl\/wp-content\/uploads\/sites\/279\/2023\/10\/Jeremy-i-ULA.jpg",1834,960,false],"thumbnail":["https:\/\/wns.uwr.edu.pl\/wp-content\/uploads\/sites\/279\/2023\/10\/Jeremy-i-ULA-150x150.jpg",150,150,true],"medium":["https:\/\/wns.uwr.edu.pl\/wp-content\/uploads\/sites\/279\/2023\/10\/Jeremy-i-ULA-300x157.jpg",300,157,true],"medium_large":["https:\/\/wns.uwr.edu.pl\/wp-content\/uploads\/sites\/279\/2023\/10\/Jeremy-i-ULA-768x402.jpg",768,402,true],"large":["https:\/\/wns.uwr.edu.pl\/wp-content\/uploads\/sites\/279\/2023\/10\/Jeremy-i-ULA-1024x536.jpg",1024,536,true],"1536x1536":["https:\/\/wns.uwr.edu.pl\/wp-content\/uploads\/sites\/279\/2023\/10\/Jeremy-i-ULA-1536x804.jpg",1536,804,true],"2048x2048":["https:\/\/wns.uwr.edu.pl\/wp-content\/uploads\/sites\/279\/2023\/10\/Jeremy-i-ULA.jpg",1834,960,false],"menu-24x24":["https:\/\/wns.uwr.edu.pl\/wp-content\/uploads\/sites\/279\/2023\/10\/Jeremy-i-ULA-24x13.jpg",24,13,true],"menu-36x36":["https:\/\/wns.uwr.edu.pl\/wp-content\/uploads\/sites\/279\/2023\/10\/Jeremy-i-ULA-36x19.jpg",36,19,true],"menu-48x48":["https:\/\/wns.uwr.edu.pl\/wp-content\/uploads\/sites\/279\/2023\/10\/Jeremy-i-ULA-48x25.jpg",48,25,true]},"post_excerpt_stackable_v2":"<p>Public Philosophy and Worldly Community The Institute of Philosophy is pleased to invite you to the discussion with the participation of Jeremy Bendik-Keymer, the author of \u201eThe Ecological Life\u201d oraz \u201eNussbaum\u2019s Politics of Wonder\u201d, and Urszula Lisowska from the Institute of Philosophy of the University of Wroc\u0142aw. The \u201ePublic Philosophy and Worldly Community\u201d will take place in Ksi\u0119garnia Hiszpa\u0144ska Wroc\u0142aw ( La Librer\u00eda Espa\u00f1ola de Wroc\u0142aw), on October 13, at 19:00 hrs. The event is part of Jeremy Bendik-Keymer\u2019s visit in as part of the IDBU \u201eVisiting Professors\u201d programme at the University of Wroc\u0142aw. The event is co-organised by Olga&hellip;<\/p>\n","category_list_v2":"<a href=\"https:\/\/wns.uwr.edu.pl\/en\/category\/uncategorized\/\" rel=\"category tag\">Uncategorized<\/a>","author_info_v2":{"name":"kzalaskaminska","url":"https:\/\/wns.uwr.edu.pl\/en\/author\/kzalaskaminska\/"},"comments_num_v2":"0 comments","acf":[],"yoast_head":"<!-- This site is optimized with the Yoast SEO plugin v27.1.1 - https:\/\/yoast.com\/product\/yoast-seo-wordpress\/ -->\n<title>Public Philosophy and Worldly Community - Faculty of Social Sciences<\/title>\n<meta name=\"robots\" content=\"index, follow, max-snippet:-1, max-image-preview:large, max-video-preview:-1\" \/>\n<link rel=\"canonical\" href=\"https:\/\/wns.uwr.edu.pl\/en\/2023\/10\/05\/public-philosophy-and-worldly-community\/\" \/>\n<meta property=\"og:locale\" content=\"en_US\" \/>\n<meta property=\"og:type\" content=\"article\" \/>\n<meta property=\"og:title\" content=\"Public Philosophy and Worldly Community - Faculty of Social Sciences\" \/>\n<meta property=\"og:description\" content=\"Public Philosophy and Worldly Community The Institute of Philosophy is pleased to invite you to the discussion with the participation of Jeremy Bendik-Keymer, the author of \u201eThe Ecological Life\u201d oraz \u201eNussbaum\u2019s Politics of Wonder\u201d, and Urszula Lisowska from the Institute of Philosophy of the University of Wroc\u0142aw. The \u201ePublic Philosophy and Worldly Community\u201d will take [&hellip;]\" \/>\n<meta property=\"og:url\" content=\"https:\/\/wns.uwr.edu.pl\/en\/2023\/10\/05\/public-philosophy-and-worldly-community\/\" \/>\n<meta property=\"og:site_name\" content=\"Faculty of Social Sciences\" \/>\n<meta property=\"article:published_time\" content=\"2023-10-05T08:58:45+00:00\" \/>\n<meta property=\"og:image\" content=\"https:\/\/wns.uwr.edu.pl\/wp-content\/uploads\/sites\/279\/2023\/10\/Jeremy-i-ULA.jpg\" \/>\n\t<meta property=\"og:image:width\" content=\"1834\" \/>\n\t<meta property=\"og:image:height\" content=\"960\" \/>\n\t<meta property=\"og:image:type\" content=\"image\/jpeg\" \/>\n<meta name=\"author\" content=\"kzalaskaminska\" \/>\n<meta name=\"twitter:card\" content=\"summary_large_image\" \/>\n<meta name=\"twitter:label1\" content=\"Written by\" \/>\n\t<meta name=\"twitter:data1\" content=\"kzalaskaminska\" \/>\n\t<meta name=\"twitter:label2\" content=\"Est. reading time\" \/>\n\t<meta name=\"twitter:data2\" content=\"1 minute\" \/>\n<script type=\"application\/ld+json\" class=\"yoast-schema-graph\">{\"@context\":\"https:\/\/schema.org\",\"@graph\":[{\"@type\":\"Article\",\"@id\":\"https:\/\/wns.uwr.edu.pl\/en\/2023\/10\/05\/public-philosophy-and-worldly-community\/#article\",\"isPartOf\":{\"@id\":\"https:\/\/wns.uwr.edu.pl\/en\/2023\/10\/05\/public-philosophy-and-worldly-community\/\"},\"author\":{\"name\":\"kzalaskaminska\",\"@id\":\"https:\/\/wns.uwr.edu.pl\/en\/#\/schema\/person\/5e8ae2abc21e52fe6c08e06f9503b2be\"},\"headline\":\"Public Philosophy and Worldly Community\",\"datePublished\":\"2023-10-05T08:58:45+00:00\",\"mainEntityOfPage\":{\"@id\":\"https:\/\/wns.uwr.edu.pl\/en\/2023\/10\/05\/public-philosophy-and-worldly-community\/\"},\"wordCount\":117,\"publisher\":{\"@id\":\"https:\/\/wns.uwr.edu.pl\/en\/#organization\"},\"image\":{\"@id\":\"https:\/\/wns.uwr.edu.pl\/en\/2023\/10\/05\/public-philosophy-and-worldly-community\/#primaryimage\"},\"thumbnailUrl\":\"https:\/\/wns.uwr.edu.pl\/wp-content\/uploads\/sites\/279\/2023\/10\/Jeremy-i-ULA.jpg\",\"inLanguage\":\"en-US\"},{\"@type\":\"WebPage\",\"@id\":\"https:\/\/wns.uwr.edu.pl\/en\/2023\/10\/05\/public-philosophy-and-worldly-community\/\",\"url\":\"https:\/\/wns.uwr.edu.pl\/en\/2023\/10\/05\/public-philosophy-and-worldly-community\/\",\"name\":\"Public Philosophy and Worldly Community - Faculty of Social Sciences\",\"isPartOf\":{\"@id\":\"https:\/\/wns.uwr.edu.pl\/en\/#website\"},\"primaryImageOfPage\":{\"@id\":\"https:\/\/wns.uwr.edu.pl\/en\/2023\/10\/05\/public-philosophy-and-worldly-community\/#primaryimage\"},\"image\":{\"@id\":\"https:\/\/wns.uwr.edu.pl\/en\/2023\/10\/05\/public-philosophy-and-worldly-community\/#primaryimage\"},\"thumbnailUrl\":\"https:\/\/wns.uwr.edu.pl\/wp-content\/uploads\/sites\/279\/2023\/10\/Jeremy-i-ULA.jpg\",\"datePublished\":\"2023-10-05T08:58:45+00:00\",\"breadcrumb\":{\"@id\":\"https:\/\/wns.uwr.edu.pl\/en\/2023\/10\/05\/public-philosophy-and-worldly-community\/#breadcrumb\"},\"inLanguage\":\"en-US\",\"potentialAction\":[{\"@type\":\"ReadAction\",\"target\":[\"https:\/\/wns.uwr.edu.pl\/en\/2023\/10\/05\/public-philosophy-and-worldly-community\/\"]}]},{\"@type\":\"ImageObject\",\"inLanguage\":\"en-US\",\"@id\":\"https:\/\/wns.uwr.edu.pl\/en\/2023\/10\/05\/public-philosophy-and-worldly-community\/#primaryimage\",\"url\":\"https:\/\/wns.uwr.edu.pl\/wp-content\/uploads\/sites\/279\/2023\/10\/Jeremy-i-ULA.jpg\",\"contentUrl\":\"https:\/\/wns.uwr.edu.pl\/wp-content\/uploads\/sites\/279\/2023\/10\/Jeremy-i-ULA.jpg\",\"width\":1834,\"height\":960,\"caption\":\"plakat wydarzenia: Public Philosophy and Worldly Community\"},{\"@type\":\"BreadcrumbList\",\"@id\":\"https:\/\/wns.uwr.edu.pl\/en\/2023\/10\/05\/public-philosophy-and-worldly-community\/#breadcrumb\",\"itemListElement\":[{\"@type\":\"ListItem\",\"position\":1,\"name\":\"Strona g\u0142\u00f3wna\",\"item\":\"https:\/\/wns.uwr.edu.pl\/en\/\"},{\"@type\":\"ListItem\",\"position\":2,\"name\":\"Public Philosophy and Worldly Community\"}]},{\"@type\":\"WebSite\",\"@id\":\"https:\/\/wns.uwr.edu.pl\/en\/#website\",\"url\":\"https:\/\/wns.uwr.edu.pl\/en\/\",\"name\":\"Faculty of Social Sciences\",\"description\":\"Kolejna witryna sieci \u201eUWR Witryny\u201d\",\"publisher\":{\"@id\":\"https:\/\/wns.uwr.edu.pl\/en\/#organization\"},\"potentialAction\":[{\"@type\":\"SearchAction\",\"target\":{\"@type\":\"EntryPoint\",\"urlTemplate\":\"https:\/\/wns.uwr.edu.pl\/en\/?s={search_term_string}\"},\"query-input\":{\"@type\":\"PropertyValueSpecification\",\"valueRequired\":true,\"valueName\":\"search_term_string\"}}],\"inLanguage\":\"en-US\"},{\"@type\":\"Organization\",\"@id\":\"https:\/\/wns.uwr.edu.pl\/en\/#organization\",\"name\":\"Faculty of Social Sciences\",\"url\":\"https:\/\/wns.uwr.edu.pl\/en\/\",\"logo\":{\"@type\":\"ImageObject\",\"inLanguage\":\"en-US\",\"@id\":\"https:\/\/wns.uwr.edu.pl\/en\/#\/schema\/logo\/image\/\",\"url\":\"https:\/\/wns.uwr.edu.pl\/wp-content\/uploads\/sites\/279\/2025\/10\/UWr-logotyp-2025.png\",\"contentUrl\":\"https:\/\/wns.uwr.edu.pl\/wp-content\/uploads\/sites\/279\/2025\/10\/UWr-logotyp-2025.png\",\"width\":764,\"height\":269,\"caption\":\"Faculty of Social Sciences\"},\"image\":{\"@id\":\"https:\/\/wns.uwr.edu.pl\/en\/#\/schema\/logo\/image\/\"}},{\"@type\":\"Person\",\"@id\":\"https:\/\/wns.uwr.edu.pl\/en\/#\/schema\/person\/5e8ae2abc21e52fe6c08e06f9503b2be\",\"name\":\"kzalaskaminska\",\"image\":{\"@type\":\"ImageObject\",\"inLanguage\":\"en-US\",\"@id\":\"https:\/\/wns.uwr.edu.pl\/en\/#\/schema\/person\/image\/\",\"url\":\"https:\/\/secure.gravatar.com\/avatar\/1cfecf7c505ec4a68a28f62d104e6b2a5105f7b347b31e0dd0699f424480288e?s=96&d=mm&r=g\",\"contentUrl\":\"https:\/\/secure.gravatar.com\/avatar\/1cfecf7c505ec4a68a28f62d104e6b2a5105f7b347b31e0dd0699f424480288e?s=96&d=mm&r=g\",\"caption\":\"kzalaskaminska\"},\"url\":\"https:\/\/wns.uwr.edu.pl\/en\/author\/kzalaskaminska\/\"}]}<\/script>\n<!-- \/ Yoast SEO plugin. -->","yoast_head_json":{"title":"Public Philosophy and Worldly Community - Faculty of Social Sciences","robots":{"index":"index","follow":"follow","max-snippet":"max-snippet:-1","max-image-preview":"max-image-preview:large","max-video-preview":"max-video-preview:-1"},"canonical":"https:\/\/wns.uwr.edu.pl\/en\/2023\/10\/05\/public-philosophy-and-worldly-community\/","og_locale":"en_US","og_type":"article","og_title":"Public Philosophy and Worldly Community - Faculty of Social Sciences","og_description":"Public Philosophy and Worldly Community The Institute of Philosophy is pleased to invite you to the discussion with the participation of Jeremy Bendik-Keymer, the author of \u201eThe Ecological Life\u201d oraz \u201eNussbaum\u2019s Politics of Wonder\u201d, and Urszula Lisowska from the Institute of Philosophy of the University of Wroc\u0142aw. The \u201ePublic Philosophy and Worldly Community\u201d will take [&hellip;]","og_url":"https:\/\/wns.uwr.edu.pl\/en\/2023\/10\/05\/public-philosophy-and-worldly-community\/","og_site_name":"Faculty of Social Sciences","article_published_time":"2023-10-05T08:58:45+00:00","og_image":[{"width":1834,"height":960,"url":"https:\/\/wns.uwr.edu.pl\/wp-content\/uploads\/sites\/279\/2023\/10\/Jeremy-i-ULA.jpg","type":"image\/jpeg"}],"author":"kzalaskaminska","twitter_card":"summary_large_image","twitter_misc":{"Written by":"kzalaskaminska","Est. reading time":"1 minute"},"schema":{"@context":"https:\/\/schema.org","@graph":[{"@type":"Article","@id":"https:\/\/wns.uwr.edu.pl\/en\/2023\/10\/05\/public-philosophy-and-worldly-community\/#article","isPartOf":{"@id":"https:\/\/wns.uwr.edu.pl\/en\/2023\/10\/05\/public-philosophy-and-worldly-community\/"},"author":{"name":"kzalaskaminska","@id":"https:\/\/wns.uwr.edu.pl\/en\/#\/schema\/person\/5e8ae2abc21e52fe6c08e06f9503b2be"},"headline":"Public Philosophy and Worldly Community","datePublished":"2023-10-05T08:58:45+00:00","mainEntityOfPage":{"@id":"https:\/\/wns.uwr.edu.pl\/en\/2023\/10\/05\/public-philosophy-and-worldly-community\/"},"wordCount":117,"publisher":{"@id":"https:\/\/wns.uwr.edu.pl\/en\/#organization"},"image":{"@id":"https:\/\/wns.uwr.edu.pl\/en\/2023\/10\/05\/public-philosophy-and-worldly-community\/#primaryimage"},"thumbnailUrl":"https:\/\/wns.uwr.edu.pl\/wp-content\/uploads\/sites\/279\/2023\/10\/Jeremy-i-ULA.jpg","inLanguage":"en-US"},{"@type":"WebPage","@id":"https:\/\/wns.uwr.edu.pl\/en\/2023\/10\/05\/public-philosophy-and-worldly-community\/","url":"https:\/\/wns.uwr.edu.pl\/en\/2023\/10\/05\/public-philosophy-and-worldly-community\/","name":"Public Philosophy and Worldly Community - Faculty of Social Sciences","isPartOf":{"@id":"https:\/\/wns.uwr.edu.pl\/en\/#website"},"primaryImageOfPage":{"@id":"https:\/\/wns.uwr.edu.pl\/en\/2023\/10\/05\/public-philosophy-and-worldly-community\/#primaryimage"},"image":{"@id":"https:\/\/wns.uwr.edu.pl\/en\/2023\/10\/05\/public-philosophy-and-worldly-community\/#primaryimage"},"thumbnailUrl":"https:\/\/wns.uwr.edu.pl\/wp-content\/uploads\/sites\/279\/2023\/10\/Jeremy-i-ULA.jpg","datePublished":"2023-10-05T08:58:45+00:00","breadcrumb":{"@id":"https:\/\/wns.uwr.edu.pl\/en\/2023\/10\/05\/public-philosophy-and-worldly-community\/#breadcrumb"},"inLanguage":"en-US","potentialAction":[{"@type":"ReadAction","target":["https:\/\/wns.uwr.edu.pl\/en\/2023\/10\/05\/public-philosophy-and-worldly-community\/"]}]},{"@type":"ImageObject","inLanguage":"en-US","@id":"https:\/\/wns.uwr.edu.pl\/en\/2023\/10\/05\/public-philosophy-and-worldly-community\/#primaryimage","url":"https:\/\/wns.uwr.edu.pl\/wp-content\/uploads\/sites\/279\/2023\/10\/Jeremy-i-ULA.jpg","contentUrl":"https:\/\/wns.uwr.edu.pl\/wp-content\/uploads\/sites\/279\/2023\/10\/Jeremy-i-ULA.jpg","width":1834,"height":960,"caption":"plakat wydarzenia: Public Philosophy and Worldly Community"},{"@type":"BreadcrumbList","@id":"https:\/\/wns.uwr.edu.pl\/en\/2023\/10\/05\/public-philosophy-and-worldly-community\/#breadcrumb","itemListElement":[{"@type":"ListItem","position":1,"name":"Strona g\u0142\u00f3wna","item":"https:\/\/wns.uwr.edu.pl\/en\/"},{"@type":"ListItem","position":2,"name":"Public Philosophy and Worldly Community"}]},{"@type":"WebSite","@id":"https:\/\/wns.uwr.edu.pl\/en\/#website","url":"https:\/\/wns.uwr.edu.pl\/en\/","name":"Faculty of Social Sciences","description":"Kolejna witryna sieci \u201eUWR Witryny\u201d","publisher":{"@id":"https:\/\/wns.uwr.edu.pl\/en\/#organization"},"potentialAction":[{"@type":"SearchAction","target":{"@type":"EntryPoint","urlTemplate":"https:\/\/wns.uwr.edu.pl\/en\/?s={search_term_string}"},"query-input":{"@type":"PropertyValueSpecification","valueRequired":true,"valueName":"search_term_string"}}],"inLanguage":"en-US"},{"@type":"Organization","@id":"https:\/\/wns.uwr.edu.pl\/en\/#organization","name":"Faculty of Social Sciences","url":"https:\/\/wns.uwr.edu.pl\/en\/","logo":{"@type":"ImageObject","inLanguage":"en-US","@id":"https:\/\/wns.uwr.edu.pl\/en\/#\/schema\/logo\/image\/","url":"https:\/\/wns.uwr.edu.pl\/wp-content\/uploads\/sites\/279\/2025\/10\/UWr-logotyp-2025.png","contentUrl":"https:\/\/wns.uwr.edu.pl\/wp-content\/uploads\/sites\/279\/2025\/10\/UWr-logotyp-2025.png","width":764,"height":269,"caption":"Faculty of Social Sciences"},"image":{"@id":"https:\/\/wns.uwr.edu.pl\/en\/#\/schema\/logo\/image\/"}},{"@type":"Person","@id":"https:\/\/wns.uwr.edu.pl\/en\/#\/schema\/person\/5e8ae2abc21e52fe6c08e06f9503b2be","name":"kzalaskaminska","image":{"@type":"ImageObject","inLanguage":"en-US","@id":"https:\/\/wns.uwr.edu.pl\/en\/#\/schema\/person\/image\/","url":"https:\/\/secure.gravatar.com\/avatar\/1cfecf7c505ec4a68a28f62d104e6b2a5105f7b347b31e0dd0699f424480288e?s=96&d=mm&r=g","contentUrl":"https:\/\/secure.gravatar.com\/avatar\/1cfecf7c505ec4a68a28f62d104e6b2a5105f7b347b31e0dd0699f424480288e?s=96&d=mm&r=g","caption":"kzalaskaminska"},"url":"https:\/\/wns.uwr.edu.pl\/en\/author\/kzalaskaminska\/"}]}},"publishpress_future_action":{"enabled":false,"date":"2026-05-07 02:54:17","action":"change-status","newStatus":"draft","terms":[],"taxonomy":"category","extraData":[]},"publishpress_future_workflow_manual_trigger":{"enabledWorkflows":[]},"_links":{"self":[{"href":"https:\/\/wns.uwr.edu.pl\/en\/wp-json\/wp\/v2\/posts\/55683\/"}],"collection":[{"href":"https:\/\/wns.uwr.edu.pl\/en\/wp-json\/wp\/v2\/posts\/"}],"about":[{"href":"https:\/\/wns.uwr.edu.pl\/en\/wp-json\/wp\/v2\/types\/post\/"}],"author":[{"embeddable":true,"href":"https:\/\/wns.uwr.edu.pl\/en\/wp-json\/wp\/v2\/users\/2235\/"}],"replies":[{"embeddable":true,"href":"https:\/\/wns.uwr.edu.pl\/en\/wp-json\/wp\/v2\/comments\/?post=55683"}],"version-history":[{"count":1,"href":"https:\/\/wns.uwr.edu.pl\/en\/wp-json\/wp\/v2\/posts\/55683\/revisions\/"}],"predecessor-version":[{"id":55692,"href":"https:\/\/wns.uwr.edu.pl\/en\/wp-json\/wp\/v2\/posts\/55683\/revisions\/55692\/"}],"wp:featuredmedia":[{"embeddable":true,"href":"https:\/\/wns.uwr.edu.pl\/en\/wp-json\/wp\/v2\/media\/55686\/"}],"wp:attachment":[{"href":"https:\/\/wns.uwr.edu.pl\/en\/wp-json\/wp\/v2\/media\/?parent=55683"}],"wp:term":[{"taxonomy":"category","embeddable":true,"href":"https:\/\/wns.uwr.edu.pl\/en\/wp-json\/wp\/v2\/categories\/?post=55683"},{"taxonomy":"post_tag","embeddable":true,"href":"https:\/\/wns.uwr.edu.pl\/en\/wp-json\/wp\/v2\/tags\/?post=55683"}],"curies":[{"name":"wp","href":"https:\/\/api.w.org\/{rel}","templated":true}]}}